{"id":3183,"date":"2025-06-04T19:02:40","date_gmt":"2025-06-04T17:02:40","guid":{"rendered":"https:\/\/www.realites-senegal.sn\/?p=3183"},"modified":"2025-06-04T19:23:14","modified_gmt":"2025-06-04T17:23:14","slug":"inauguration-residence-siki","status":"publish","type":"post","link":"https:\/\/www.realites-senegal.sn\/en\/inauguration-residence-siki\/","title":{"rendered":"Siki, une r\u00e9sidence pens\u00e9e pour Dakar, c\u00e9l\u00e9br\u00e9e avec \u00e9l\u00e9gance \u00e0 Ngor-Almadies"},"content":{"rendered":"\n<p>Ce dimanche 1er juin, REALITES S\u00c9N\u00c9GAL a inaugur\u00e9 son 1<sup>er<\/sup> programme immobilier au S\u00e9n\u00e9gal, la r\u00e9sidence Siki. Un \u00e9v\u00e9nement raffin\u00e9, \u00e0 l\u2019image du projet, marqu\u00e9 par des \u00e9changes sinc\u00e8res et des moments de convivialit\u00e9. Les invit\u00e9s ont d\u00e9couvert un cadre de vie tourn\u00e9 vers le confort, la qualit\u00e9 et l\u2019innovation. Une soir\u00e9e chaleureuse, ponctu\u00e9e d\u2019annonces fortes pour l\u2019avenir de l\u2019immobilier \u00e0 Dakar.<\/p>\n\n\n\n<h2 class=\"wp-block-heading\">Inauguration de la r\u00e9sidence Siki : un nouveau souffle pour Ngor-Almadies<\/h2>\n\n\n\n<p>Ce dimanche 1er juin, le quartier de Ngor-Almadies a accueilli l\u2019<strong>inauguration de la r\u00e9sidence Siki<\/strong>, sign\u00e9e REALITES. Un \u00e9v\u00e9nement sobre, local et \u00e9l\u00e9gant, \u00e0 l\u2019image du projet.<\/p>\n\n\n\n<figure class=\"wp-block-image size-full\"><img decoding=\"async\" width=\"1024\" height=\"683\" data-src=\"https:\/\/www.realites-senegal.sn\/wp-content\/uploads\/2025\/06\/amadou-dieng-directeur-general-realites-senegal.jpg\" alt=\"\" class=\"wp-image-3185 lazyload\" data-srcset=\"https:\/\/www.realites-senegal.sn\/wp-content\/uploads\/2025\/06\/amadou-dieng-directeur-general-realites-senegal.jpg 1024w, https:\/\/www.realites-senegal.sn\/wp-content\/uploads\/2025\/06\/amadou-dieng-directeur-general-realites-senegal-300x200.jpg 300w, https:\/\/www.realites-senegal.sn\/wp-content\/uploads\/2025\/06\/amadou-dieng-directeur-general-realites-senegal-768x512.jpg 768w, https:\/\/www.realites-senegal.sn\/wp-content\/uploads\/2025\/06\/amadou-dieng-directeur-general-realites-senegal-36x24.jpg 36w\" data-sizes=\"(max-width: 1024px) 100vw, 1024px\" src=\"data:image\/svg+xml;base64,PHN2ZyB3aWR0aD0iMSIgaGVpZ2h0PSIxIiB4bWxucz0iaHR0cDovL3d3dy53My5vcmcvMjAwMC9zdmciPjwvc3ZnPg==\" style=\"--smush-placeholder-width: 1024px; --smush-placeholder-aspect-ratio: 1024\/683;\" \/><figcaption class=\"wp-element-caption\"><strong>Amadou Dieng, directeur g\u00e9n\u00e9ral de REALITES S\u00c9N\u00c9GAL <\/strong><\/figcaption><\/figure>\n\n\n\n<p>Les convives ont \u00e9t\u00e9 accueillis autour d\u2019un cocktail raffin\u00e9 au c\u0153ur m\u00eame de la r\u00e9sidence. Ils&nbsp; ont pu d\u00e9couvrir les parties communes \u2014 piscine et salle de sport \u2014 et l\u2019appartement t\u00e9moin avant de s\u2019installer sous le grand chapiteau d\u00e9cor\u00e9 avec soin.<\/p>\n\n\n\n<figure class=\"wp-block-image size-large\"><img decoding=\"async\" width=\"1024\" height=\"767\" data-src=\"https:\/\/www.realites-senegal.sn\/wp-content\/uploads\/2025\/06\/piscine-residence-siki-dakar-1-1024x767.jpg\" alt=\"\" class=\"wp-image-3191 lazyload\" data-srcset=\"https:\/\/www.realites-senegal.sn\/wp-content\/uploads\/2025\/06\/piscine-residence-siki-dakar-1-1024x767.jpg 1024w, https:\/\/www.realites-senegal.sn\/wp-content\/uploads\/2025\/06\/piscine-residence-siki-dakar-1-300x225.jpg 300w, https:\/\/www.realites-senegal.sn\/wp-content\/uploads\/2025\/06\/piscine-residence-siki-dakar-1-768x575.jpg 768w, https:\/\/www.realites-senegal.sn\/wp-content\/uploads\/2025\/06\/piscine-residence-siki-dakar-1-1536x1150.jpg 1536w, https:\/\/www.realites-senegal.sn\/wp-content\/uploads\/2025\/06\/piscine-residence-siki-dakar-1-2048x1534.jpg 2048w, https:\/\/www.realites-senegal.sn\/wp-content\/uploads\/2025\/06\/piscine-residence-siki-dakar-1-36x27.jpg 36w\" data-sizes=\"(max-width: 1024px) 100vw, 1024px\" src=\"data:image\/svg+xml;base64,PHN2ZyB3aWR0aD0iMSIgaGVpZ2h0PSIxIiB4bWxucz0iaHR0cDovL3d3dy53My5vcmcvMjAwMC9zdmciPjwvc3ZnPg==\" style=\"--smush-placeholder-width: 1024px; --smush-placeholder-aspect-ratio: 1024\/767;\" \/><figcaption class=\"wp-element-caption\"><strong>Piscine de la r\u00e9sidence Siki<\/strong><\/figcaption><\/figure>\n\n\n\n<figure class=\"wp-block-image size-full\"><img decoding=\"async\" width=\"1024\" height=\"683\" data-src=\"https:\/\/www.realites-senegal.sn\/wp-content\/uploads\/2025\/06\/magueye-ndiaye-maire-de-ngor.jpg\" alt=\"\" class=\"wp-image-3189 lazyload\" data-srcset=\"https:\/\/www.realites-senegal.sn\/wp-content\/uploads\/2025\/06\/magueye-ndiaye-maire-de-ngor.jpg 1024w, https:\/\/www.realites-senegal.sn\/wp-content\/uploads\/2025\/06\/magueye-ndiaye-maire-de-ngor-300x200.jpg 300w, https:\/\/www.realites-senegal.sn\/wp-content\/uploads\/2025\/06\/magueye-ndiaye-maire-de-ngor-768x512.jpg 768w, https:\/\/www.realites-senegal.sn\/wp-content\/uploads\/2025\/06\/magueye-ndiaye-maire-de-ngor-36x24.jpg 36w\" data-sizes=\"(max-width: 1024px) 100vw, 1024px\" src=\"data:image\/svg+xml;base64,PHN2ZyB3aWR0aD0iMSIgaGVpZ2h0PSIxIiB4bWxucz0iaHR0cDovL3d3dy53My5vcmcvMjAwMC9zdmciPjwvc3ZnPg==\" style=\"--smush-placeholder-width: 1024px; --smush-placeholder-aspect-ratio: 1024\/683;\" \/><figcaption class=\"wp-element-caption\"><strong>Monsieur le maire de Ngor, Magueye Ndiaye<\/strong><\/figcaption><\/figure>\n\n\n\n<p>Parmi les invit\u00e9s de marque, le maire de Ngor, M. Magueye Ndiaye, a salu\u00e9 le s\u00e9rieux du groupe et l\u2019impact local du projet plac\u00e9 sous le signe du <strong>marketing territorial<\/strong>. Mme Diop, chef de cabinet du pr\u00e9sident de la R\u00e9publique du S\u00e9n\u00e9gal, faisait \u00e9galement partie des personnalit\u00e9s pr\u00e9sentes. Un moment fort, marqu\u00e9 par la participation d\u2019<strong>acteurs engag\u00e9s <\/strong>pour le d\u00e9veloppement de Dakar.<br><\/p>\n\n\n\n<h2 class=\"wp-block-heading\">Un discours \u00e0 l\u2019image de l\u2019engagement du groupe<\/h2>\n\n\n\n<p><br>En ouverture de la soir\u00e9e, Amadou Dieng, directeur g\u00e9n\u00e9ral de R\u00c9ALIT\u00c9S S\u00c9N\u00c9GAL, a retrac\u00e9 l\u2019histoire du projet Siki, lanc\u00e9 en 2021. Un projet devenu r\u00e9alit\u00e9, fid\u00e8le \u00e0 une <strong>promesse de qualit\u00e9<\/strong>. La r\u00e9sidence rend hommage \u00e0 Battling Siki, premier champion du monde de boxe d\u2019origine africaine, figure de courage et de fiert\u00e9. Plus qu\u2019un nom, un symbole. Siki incarne les valeurs du groupe : <strong>transparence<\/strong>, <strong>exigence<\/strong> et <strong>d\u00e9vouement<\/strong>.&nbsp; Il a rendu un hommage appuy\u00e9 aux \u00e9quipes de chantier, v\u00e9ritables piliers de cette exigence au quotidien. Amadou Dieng a rappel\u00e9 un objectif fort : livrer plus de <strong>500 appartements \u00e0 Dakar<\/strong> dans les 24 mois \u00e0 venir.<\/p>\n\n\n\n<figure class=\"wp-block-image size-full\"><img decoding=\"async\" width=\"1024\" height=\"683\" data-src=\"https:\/\/www.realites-senegal.sn\/wp-content\/uploads\/2025\/06\/raissa-gueye-directrice-commerciale-realites-senegal.jpg\" alt=\"\" class=\"wp-image-3193 lazyload\" data-srcset=\"https:\/\/www.realites-senegal.sn\/wp-content\/uploads\/2025\/06\/raissa-gueye-directrice-commerciale-realites-senegal.jpg 1024w, https:\/\/www.realites-senegal.sn\/wp-content\/uploads\/2025\/06\/raissa-gueye-directrice-commerciale-realites-senegal-300x200.jpg 300w, https:\/\/www.realites-senegal.sn\/wp-content\/uploads\/2025\/06\/raissa-gueye-directrice-commerciale-realites-senegal-768x512.jpg 768w, https:\/\/www.realites-senegal.sn\/wp-content\/uploads\/2025\/06\/raissa-gueye-directrice-commerciale-realites-senegal-36x24.jpg 36w\" data-sizes=\"(max-width: 1024px) 100vw, 1024px\" src=\"data:image\/svg+xml;base64,PHN2ZyB3aWR0aD0iMSIgaGVpZ2h0PSIxIiB4bWxucz0iaHR0cDovL3d3dy53My5vcmcvMjAwMC9zdmciPjwvc3ZnPg==\" style=\"--smush-placeholder-width: 1024px; --smush-placeholder-aspect-ratio: 1024\/683;\" \/><figcaption class=\"wp-element-caption\"><strong>Ra\u00efssa Gueye, directrice commerciale<\/strong><\/figcaption><\/figure>\n\n\n\n<p>Au cours de la soir\u00e9e, la directrice commerciale, Ra\u00efssa Gueye, a insist\u00e9 sur l\u2019urgence de <strong>repenser l\u2019habitat \u00e0 Dakar<\/strong>, en y int\u00e9grant confort, durabilit\u00e9 et innovation. Elle a conclu sur une note engag\u00e9e \u00ab Ensemble, b\u00e2tissons un avenir dont nous pourrons \u00eatre fiers \u00bb.<\/p>\n\n\n\n<h2 class=\"wp-block-heading\">Cinq nouveaux projets pour continuer \u00e0 b\u00e2tir<\/h2>\n\n\n\n<p>Apr\u00e8s l\u2019humour du collectif de Niokhite et avant le show final du chanteur Ashs the Best, les regards se sont tourn\u00e9s vers l\u2019avenir.<\/p>\n\n\n\n<figure class=\"wp-block-image size-full\"><img decoding=\"async\" width=\"1024\" height=\"683\" data-src=\"https:\/\/www.realites-senegal.sn\/wp-content\/uploads\/2025\/06\/groupe-humoriste-niokhite.jpg\" alt=\"\" class=\"wp-image-3195 lazyload\" data-srcset=\"https:\/\/www.realites-senegal.sn\/wp-content\/uploads\/2025\/06\/groupe-humoriste-niokhite.jpg 1024w, https:\/\/www.realites-senegal.sn\/wp-content\/uploads\/2025\/06\/groupe-humoriste-niokhite-300x200.jpg 300w, https:\/\/www.realites-senegal.sn\/wp-content\/uploads\/2025\/06\/groupe-humoriste-niokhite-768x512.jpg 768w, https:\/\/www.realites-senegal.sn\/wp-content\/uploads\/2025\/06\/groupe-humoriste-niokhite-36x24.jpg 36w\" data-sizes=\"(max-width: 1024px) 100vw, 1024px\" src=\"data:image\/svg+xml;base64,PHN2ZyB3aWR0aD0iMSIgaGVpZ2h0PSIxIiB4bWxucz0iaHR0cDovL3d3dy53My5vcmcvMjAwMC9zdmciPjwvc3ZnPg==\" style=\"--smush-placeholder-width: 1024px; --smush-placeholder-aspect-ratio: 1024\/683;\" \/><figcaption class=\"wp-element-caption\"><strong>Le collectif d&#8217;humoristes Niokhite<\/strong><\/figcaption><\/figure>\n\n\n\n<figure class=\"wp-block-image size-full\"><img decoding=\"async\" width=\"1024\" height=\"683\" data-src=\"https:\/\/www.realites-senegal.sn\/wp-content\/uploads\/2025\/06\/chanteur-ashs-the-best.jpg\" alt=\"\" class=\"wp-image-3197 lazyload\" data-srcset=\"https:\/\/www.realites-senegal.sn\/wp-content\/uploads\/2025\/06\/chanteur-ashs-the-best.jpg 1024w, https:\/\/www.realites-senegal.sn\/wp-content\/uploads\/2025\/06\/chanteur-ashs-the-best-300x200.jpg 300w, https:\/\/www.realites-senegal.sn\/wp-content\/uploads\/2025\/06\/chanteur-ashs-the-best-768x512.jpg 768w, https:\/\/www.realites-senegal.sn\/wp-content\/uploads\/2025\/06\/chanteur-ashs-the-best-36x24.jpg 36w\" data-sizes=\"(max-width: 1024px) 100vw, 1024px\" src=\"data:image\/svg+xml;base64,PHN2ZyB3aWR0aD0iMSIgaGVpZ2h0PSIxIiB4bWxucz0iaHR0cDovL3d3dy53My5vcmcvMjAwMC9zdmciPjwvc3ZnPg==\" style=\"--smush-placeholder-width: 1024px; --smush-placeholder-aspect-ratio: 1024\/683;\" \/><figcaption class=\"wp-element-caption\"><strong>Le chanteur Ashs The Best<\/strong><\/figcaption><\/figure>\n\n\n\n<p>REALITES a lev\u00e9 le voile sur <strong>05 nouveaux projets<\/strong>, pens\u00e9s pour les familles, les jeunes actifs et les entreprises. Une ambition d\u2019envergure avec 05 r\u00e9sidences aux <strong>localisations strat\u00e9giques<\/strong>, chacune avec une identit\u00e9 propre :<\/p>\n\n\n\n<ul class=\"wp-block-list\">\n<li><strong>Douta Seck<\/strong>, \u00e0 Point E,<\/li>\n\n\n\n<li><strong>Salih<\/strong>, \u00e0 Mermoz,<\/li>\n\n\n\n<li><strong>Maasina<\/strong>, au centre-ville de Dakar,<\/li>\n\n\n\n<li><strong>Astyn<\/strong>, \u00e0 Bourguiba,<\/li>\n\n\n\n<li><strong>Awa Lena<\/strong>, \u00e0 Sacr\u00e9-C\u0153ur 2.&nbsp;<\/li>\n<\/ul>\n\n\n\n<figure class=\"wp-block-image size-full\"><img decoding=\"async\" width=\"1024\" height=\"683\" data-src=\"https:\/\/www.realites-senegal.sn\/wp-content\/uploads\/2025\/06\/maitresse-de-ceremonie.jpg\" alt=\"\" class=\"wp-image-3199 lazyload\" data-srcset=\"https:\/\/www.realites-senegal.sn\/wp-content\/uploads\/2025\/06\/maitresse-de-ceremonie.jpg 1024w, https:\/\/www.realites-senegal.sn\/wp-content\/uploads\/2025\/06\/maitresse-de-ceremonie-300x200.jpg 300w, https:\/\/www.realites-senegal.sn\/wp-content\/uploads\/2025\/06\/maitresse-de-ceremonie-768x512.jpg 768w, https:\/\/www.realites-senegal.sn\/wp-content\/uploads\/2025\/06\/maitresse-de-ceremonie-36x24.jpg 36w\" data-sizes=\"(max-width: 1024px) 100vw, 1024px\" src=\"data:image\/svg+xml;base64,PHN2ZyB3aWR0aD0iMSIgaGVpZ2h0PSIxIiB4bWxucz0iaHR0cDovL3d3dy53My5vcmcvMjAwMC9zdmciPjwvc3ZnPg==\" style=\"--smush-placeholder-width: 1024px; --smush-placeholder-aspect-ratio: 1024\/683;\" \/><figcaption class=\"wp-element-caption\"><strong>La ma\u00eetresse de c\u00e9r\u00e9monie <\/strong><\/figcaption><\/figure>\n\n\n\n<p>Des programmes <strong>accessibles d\u00e8s 31 millions de francs CFA.<\/strong> Ces derniers s\u2019inscrivent dans la continuit\u00e9 du projet Siki : &#8221; <strong>Made in Africa, for Africans.<\/strong> &#8220;, avec une ambition constante \u2014 proposer des <strong>logements de qualit\u00e9<\/strong>, au <strong>bon prix<\/strong> et \u00e0 <strong>forte valeur patrimoniale<\/strong>. REALITES confirme ainsi sa vision et son positionnement : fa\u00e7onner un nouveau visage pour Dakar, avec audace et responsabilit\u00e9.<br><\/p>\n\n\n\n<h2 class=\"wp-block-heading\">Une inauguration qui marque l&#8217;ouverture de nouveaux projets<\/h2>\n\n\n\n<p>L&#8217;inauguration de la r\u00e9sidence Siki marque une nouvelle \u00e9tape dans l\u2019ambition de REALITES au S\u00e9n\u00e9gal : b\u00e2tir des lieux de vie durables, ancr\u00e9s dans leur \u00e9poque et dans leur territoire. Entre vision urbaine, qualit\u00e9 architecturale et engagement local, le groupe confirme sa volont\u00e9 de transformer Dakar. Et ce n\u2019est qu\u2019un d\u00e9but.<\/p>\n","protected":false},"excerpt":{"rendered":"<p>Ce dimanche 1er juin, REALITES S\u00c9N\u00c9GAL a inaugur\u00e9 son 1er programme immobilier au S\u00e9n\u00e9gal, la r\u00e9sidence Siki. Un \u00e9v\u00e9nement raffin\u00e9, \u00e0 l\u2019image du projet, marqu\u00e9 par des \u00e9changes sinc\u00e8res et des moments de convivialit\u00e9. Les invit\u00e9s ont d\u00e9couvert un cadre de vie tourn\u00e9 vers le confort, la qualit\u00e9 et l\u2019innovation. Une soir\u00e9e chaleureuse, ponctu\u00e9e d\u2019annonces [&hellip;]<\/p>\n","protected":false},"author":16,"featured_media":3203,"comment_status":"closed","ping_status":"closed","sticky":false,"template":"","format":"standard","meta":{"_acf_changed":false,"wds_primary_category":43,"footnotes":""},"categories":[43],"tags":[],"class_list":["post-3183","post","type-post","status-publish","format-standard","has-post-thumbnail","hentry","category-evenement"],"acf":[],"_links":{"self":[{"href":"https:\/\/www.realites-senegal.sn\/en\/wp-json\/wp\/v2\/posts\/3183","targetHints":{"allow":["GET"]}}],"collection":[{"href":"https:\/\/www.realites-senegal.sn\/en\/wp-json\/wp\/v2\/posts"}],"about":[{"href":"https:\/\/www.realites-senegal.sn\/en\/wp-json\/wp\/v2\/types\/post"}],"author":[{"embeddable":true,"href":"https:\/\/www.realites-senegal.sn\/en\/wp-json\/wp\/v2\/users\/16"}],"replies":[{"embeddable":true,"href":"https:\/\/www.realites-senegal.sn\/en\/wp-json\/wp\/v2\/comments?post=3183"}],"version-history":[{"count":0,"href":"https:\/\/www.realites-senegal.sn\/en\/wp-json\/wp\/v2\/posts\/3183\/revisions"}],"wp:featuredmedia":[{"embeddable":true,"href":"https:\/\/www.realites-senegal.sn\/en\/wp-json\/wp\/v2\/media\/3203"}],"wp:attachment":[{"href":"https:\/\/www.realites-senegal.sn\/en\/wp-json\/wp\/v2\/media?parent=3183"}],"wp:term":[{"taxonomy":"category","embeddable":true,"href":"https:\/\/www.realites-senegal.sn\/en\/wp-json\/wp\/v2\/categories?post=3183"},{"taxonomy":"post_tag","embeddable":true,"href":"https:\/\/www.realites-senegal.sn\/en\/wp-json\/wp\/v2\/tags?post=3183"}],"curies":[{"name":"wp","href":"https:\/\/api.w.org\/{rel}","templated":true}]}}